{"id":3190,"date":"2017-10-12T13:58:20","date_gmt":"2017-10-12T13:58:20","guid":{"rendered":"https:\/\/www.invacanzaallargentario.it\/le-fortezze-spagnole-porto-ercole\/"},"modified":"2020-01-12T18:08:24","modified_gmt":"2020-01-12T18:08:24","slug":"the-spanish-fortresses-of-porto-ercole","status":"publish","type":"post","link":"https:\/\/www.invacanzaallargentario.it\/en\/the-spanish-fortresses-of-porto-ercole\/","title":{"rendered":"The Spanish fortresses of Porto Ercole"},"content":{"rendered":"<div id=\"pl-3190\"  class=\"panel-layout\" ><div id=\"pg-3190-0\"  class=\"panel-grid panel-no-style\" ><div id=\"pgc-3190-0-0\"  class=\"panel-grid-cell\" ><div id=\"panel-3190-0-0-0\" class=\"so-panel widget widget_sow-editor panel-first-child panel-last-child\" data-index=\"0\" ><div\n\t\t\t\n\t\t\tclass=\"so-widget-sow-editor so-widget-sow-editor-base\"\n\t\t\t\n\t\t>\n<div class=\"siteorigin-widget-tinymce textwidget\">\n\t<p><strong>The small seaside village of <a href=\"https:\/\/www.invacanzaallargentario.it\/en\/discovering-porto-ercole\/\">Porto Ercole<\/a> offers its visitors pages of history mixed with modernity.<\/strong> Do you think that some of the Forts have become \"condominiums\" complete with intercom and electric gate. Yet they have retained their ancient charm, well preserved, perhaps thanks to those who made it their holiday home.<\/p>\n<\/div>\n<\/div><\/div><\/div><\/div><div id=\"pg-3190-1\"  class=\"panel-grid panel-no-style\" ><div id=\"pgc-3190-1-0\"  class=\"panel-grid-cell\" ><div id=\"panel-3190-1-0-0\" class=\"so-panel widget widget_sow-editor panel-first-child panel-last-child\" data-index=\"1\" ><div\n\t\t\t\n\t\t\tclass=\"so-widget-sow-editor so-widget-sow-editor-base\"\n\t\t\t\n\t\t><h3 class=\"widget-title\">Forte Filippo<\/h3>\n<div class=\"siteorigin-widget-tinymce textwidget\">\n\t<p><strong>Forte Filippo is the sentinel that dominates the entire bay of the old port. Just before arriving in the village, an asphalted road will take you to the top.<\/strong> Go slowly and pay close attention to the vehicles that come in the opposite direction! The road is very narrow and winding. Alternatively, take a good half-hour walk! The panorama that you will enjoy in the last stretch will repay you for the effort.<br \/>\n<strong>Forte Filippo is a coastal fortification built in 1558 to improve the defensive system of the Presidi State.<\/strong> Its name was chosen in honor of King Philip II of Spain.<br \/>\nThe fort was built with four bastions and is deeply embedded in a moat dug out of the rock. The only access point is represented by a drawbridge.<br \/>\nUnfortunately, you can only visit the perimeter, as the various buildings inside have been used as houses, but it is still worth it: <strong>the walkway on the walls is very suggestive.<\/strong><br \/>\nA path leads to the Torre del Mulinaccio. It too was originally part of the defense system. It was later transformed into a windmill. The structure has almost completely collapsed, following the definitive abandonment of the mill. Worth a visit is the panorama of the Feniglia which can be enjoyed from here.<\/p>\n<\/div>\n<\/div><\/div><\/div><div id=\"pgc-3190-1-1\"  class=\"panel-grid-cell\" ><div id=\"panel-3190-1-1-0\" class=\"so-panel widget widget_sow-image panel-first-child panel-last-child\" data-index=\"2\" ><div\n\t\t\t\n\t\t\tclass=\"so-widget-sow-image so-widget-sow-image-default-c4f6304fc136-3190\"\n\t\t\t\n\t\t>\n\n<div class=\"sow-image-container\">\n\t\t<img loading=\"lazy\" decoding=\"async\" src=\"https:\/\/www.invacanzaallargentario.it\/vet\/wp-content\/uploads\/Forte-Filippo.jpg\" width=\"1200\" height=\"801\" srcset=\"https:\/\/www.invacanzaallargentario.it\/vet\/wp-content\/uploads\/Forte-Filippo.jpg 1200w, https:\/\/www.invacanzaallargentario.it\/vet\/wp-content\/uploads\/Forte-Filippo-300x200.jpg 300w, https:\/\/www.invacanzaallargentario.it\/vet\/wp-content\/uploads\/Forte-Filippo-768x513.jpg 768w, https:\/\/www.invacanzaallargentario.it\/vet\/wp-content\/uploads\/Forte-Filippo-1024x684.jpg 1024w, https:\/\/www.invacanzaallargentario.it\/vet\/wp-content\/uploads\/Forte-Filippo-110x73.jpg 110w, https:\/\/www.invacanzaallargentario.it\/vet\/wp-content\/uploads\/Forte-Filippo-420x280.jpg 420w, https:\/\/www.invacanzaallargentario.it\/vet\/wp-content\/uploads\/Forte-Filippo-644x430.jpg 644w, https:\/\/www.invacanzaallargentario.it\/vet\/wp-content\/uploads\/Forte-Filippo-272x182.jpg 272w\" sizes=\"(max-width: 1200px) 100vw, 1200px\" alt=\"\" \t\tclass=\"so-widget-image\"\/>\n\t<\/div>\n\n<\/div><\/div><\/div><\/div><div id=\"pg-3190-2\"  class=\"panel-grid panel-no-style\" ><div id=\"pgc-3190-2-0\"  class=\"panel-grid-cell\" ><div id=\"panel-3190-2-0-0\" class=\"so-panel widget widget_sow-editor panel-first-child panel-last-child\" data-index=\"3\" ><div\n\t\t\t\n\t\t\tclass=\"so-widget-sow-editor so-widget-sow-editor-base\"\n\t\t\t\n\t\t><h3 class=\"widget-title\">The Rocca Aldobrandesca<\/h3>\n<div class=\"siteorigin-widget-tinymce textwidget\">\n\t<p>Its origins date back to 1074. <strong>In the second half of the sixteenth century it was annexed to the Presidi State integrating it into its defensive system.<\/strong><br \/>\n<strong>It can be reached after crossing the inhabited center of Porto Ercole, continuing on the panoramic road.<\/strong> Leaving behind you the Porta Pisana (which leads to the old town), at the end of the climb you will find on the left the road that arrives at the entrance of the Rocca.<br \/>\nAfter the Second World War the fortress was definitively closed and sold to private individuals, who partially transformed the internal buildings into residential residences, while other rooms are owned by the municipality and among them there is the fortress proper where it was set up inside a museum. <strong>To visit the Rocca, the authorization issued by the municipality of Monte Argentario (in viale Caravaggio n.78, tel. 0564 831019) is required.<\/strong><br \/>\n<strong>The visit inside will take you back in time.<\/strong> La Rocca is a real Spanish citadel of the 1500s: narrow streets, squares, courtyards. To the north, in the oldest part, another door opens (now closed) which connects it directly to the old village of Porto Ercole with a steep stone staircase.<\/p>\n<\/div>\n<\/div><\/div><\/div><div id=\"pgc-3190-2-1\"  class=\"panel-grid-cell\" ><div id=\"panel-3190-2-1-0\" class=\"so-panel widget widget_sow-image panel-first-child panel-last-child\" data-index=\"4\" ><div\n\t\t\t\n\t\t\tclass=\"so-widget-sow-image so-widget-sow-image-default-c4f6304fc136-3190\"\n\t\t\t\n\t\t>\n\n<div class=\"sow-image-container\">\n\t\t<img loading=\"lazy\" decoding=\"async\" src=\"https:\/\/www.invacanzaallargentario.it\/vet\/wp-content\/uploads\/La-Rocca-sopra-al-vecchio-borgo.jpg\" width=\"900\" height=\"600\" srcset=\"https:\/\/www.invacanzaallargentario.it\/vet\/wp-content\/uploads\/La-Rocca-sopra-al-vecchio-borgo.jpg 900w, https:\/\/www.invacanzaallargentario.it\/vet\/wp-content\/uploads\/La-Rocca-sopra-al-vecchio-borgo-300x200.jpg 300w, https:\/\/www.invacanzaallargentario.it\/vet\/wp-content\/uploads\/La-Rocca-sopra-al-vecchio-borgo-768x512.jpg 768w, https:\/\/www.invacanzaallargentario.it\/vet\/wp-content\/uploads\/La-Rocca-sopra-al-vecchio-borgo-110x73.jpg 110w, https:\/\/www.invacanzaallargentario.it\/vet\/wp-content\/uploads\/La-Rocca-sopra-al-vecchio-borgo-420x280.jpg 420w, https:\/\/www.invacanzaallargentario.it\/vet\/wp-content\/uploads\/La-Rocca-sopra-al-vecchio-borgo-645x430.jpg 645w, https:\/\/www.invacanzaallargentario.it\/vet\/wp-content\/uploads\/La-Rocca-sopra-al-vecchio-borgo-272x182.jpg 272w\" sizes=\"(max-width: 900px) 100vw, 900px\" alt=\"\" \t\tclass=\"so-widget-image\"\/>\n\t<\/div>\n\n<\/div><\/div><\/div><\/div><div id=\"pg-3190-3\"  class=\"panel-grid panel-no-style\" ><div id=\"pgc-3190-3-0\"  class=\"panel-grid-cell\" ><div id=\"panel-3190-3-0-0\" class=\"so-panel widget widget_sow-editor panel-first-child panel-last-child\" data-index=\"5\" ><div\n\t\t\t\n\t\t\tclass=\"so-widget-sow-editor so-widget-sow-editor-base\"\n\t\t\t\n\t\t><h3 class=\"widget-title\">Forte Stella<\/h3>\n<div class=\"siteorigin-widget-tinymce textwidget\">\n\t<p><strong>Forte Stella<\/strong> was also built by the Spaniards in the second half of the sixteenth century, <strong>due to its location it was one of the strategic points of the entire defense system of the Presidi State.<\/strong><br \/>\n<strong>Its shape is a six-pointed star<\/strong>. The whole structure is surrounded by a moat and the access door is preceded by a stone bridge which replaced the ancient drawbridge in modern times.<br \/>\nThe natural lighting of the interiors is given by a hexagonal opening that opens in the center of the terrace on the top of the Fort. Inside, cultural exhibitions and reviews are held. <strong>His visit is allowed from Easter to June 30 on weekends and from July 1 to September 30 every day. The entrance ticket costs 2 euros.<\/strong><br \/>\n<strong>It can be reached by taking the panoramic road, leaving the village of Porto Ercole behind you.<\/strong> After a couple of kilometers you will find a detour to the right for Forte Stella, right in front of the tourist area \"Lo Sbarcatello\". In the summer months you can reach it from the internal \"overview\" that begins just before the town, as access by car is allowed only to residents. You will however arrive at the foot of the steep road that leads to the Fort. It is generally closed with a bar but access on foot is allowed. You can leave your car in the dirt road near the slope.<br \/>\n<strong>Needless to say, the view from here is also wonderful: the tortoise-shaped islet is right below you!<\/strong><\/p>\n<\/div>\n<\/div><\/div><\/div><div id=\"pgc-3190-3-1\"  class=\"panel-grid-cell\" ><div id=\"panel-3190-3-1-0\" class=\"so-panel widget widget_sow-image panel-first-child panel-last-child\" data-index=\"6\" ><div\n\t\t\t\n\t\t\tclass=\"so-widget-sow-image so-widget-sow-image-default-c4f6304fc136-3190\"\n\t\t\t\n\t\t>\n\n<div class=\"sow-image-container\">\n\t\t<img loading=\"lazy\" decoding=\"async\" src=\"https:\/\/www.invacanzaallargentario.it\/vet\/wp-content\/uploads\/forte-stella.jpg\" width=\"1200\" height=\"790\" srcset=\"https:\/\/www.invacanzaallargentario.it\/vet\/wp-content\/uploads\/forte-stella.jpg 1200w, https:\/\/www.invacanzaallargentario.it\/vet\/wp-content\/uploads\/forte-stella-300x198.jpg 300w, https:\/\/www.invacanzaallargentario.it\/vet\/wp-content\/uploads\/forte-stella-768x506.jpg 768w, https:\/\/www.invacanzaallargentario.it\/vet\/wp-content\/uploads\/forte-stella-1024x674.jpg 1024w, https:\/\/www.invacanzaallargentario.it\/vet\/wp-content\/uploads\/forte-stella-110x72.jpg 110w, https:\/\/www.invacanzaallargentario.it\/vet\/wp-content\/uploads\/forte-stella-420x277.jpg 420w, https:\/\/www.invacanzaallargentario.it\/vet\/wp-content\/uploads\/forte-stella-653x430.jpg 653w\" sizes=\"(max-width: 1200px) 100vw, 1200px\" alt=\"\" \t\tclass=\"so-widget-image\"\/>\n\t<\/div>\n\n<\/div><\/div><\/div><\/div><div id=\"pg-3190-4\"  class=\"panel-grid panel-no-style\" ><div id=\"pgc-3190-4-0\"  class=\"panel-grid-cell\" ><div id=\"panel-3190-4-0-0\" class=\"so-panel widget widget_sow-editor panel-first-child panel-last-child\" data-index=\"7\" ><div\n\t\t\t\n\t\t\tclass=\"so-widget-sow-editor so-widget-sow-editor-base\"\n\t\t\t\n\t\t>\n<div class=\"siteorigin-widget-tinymce textwidget\">\n\t<p><strong>Per la sua particolarit\u00e0 \u00e8 stato scelto da sfondo anche per pubblicit\u00e0 televisive (TIM \u2013 Se mi prendi ti sposo)<\/strong> e per il cinema (l'ultima scena di \u201cIn viaggio con pap\u00e0\u201d mostra Sordi e Verdone sulla strada proprio sotto Forte Stella).<\/p>\n<p>\u00a0<\/p>\n<p><iframe loading=\"lazy\" title=\"Spot Tim Se mi prendi ti sposo (Eclissi)\" width=\"640\" height=\"480\" src=\"https:\/\/www.youtube.com\/embed\/b7Bw0sX_4uc?feature=oembed\" frameborder=\"0\" allow=\"accelerometer; autoplay; clipboard-write; encrypted-media; gyroscope; picture-in-picture; web-share\" referrerpolicy=\"strict-origin-when-cross-origin\" allowfullscreen><\/iframe><\/p>\n<\/div>\n<\/div><\/div><\/div><\/div><div id=\"pg-3190-5\"  class=\"panel-grid panel-no-style\" ><div id=\"pgc-3190-5-0\"  class=\"panel-grid-cell\" ><div id=\"panel-3190-5-0-0\" class=\"so-panel widget widget_sow-image panel-first-child panel-last-child\" data-index=\"8\" ><div\n\t\t\t\n\t\t\tclass=\"so-widget-sow-image so-widget-sow-image-default-c4f6304fc136-3190\"\n\t\t\t\n\t\t>\n\n<div class=\"sow-image-container\">\n\t\t<img loading=\"lazy\" decoding=\"async\" src=\"https:\/\/www.invacanzaallargentario.it\/vet\/wp-content\/uploads\/torri-e-fortezze-spagnole.jpg\" width=\"520\" height=\"318\" srcset=\"https:\/\/www.invacanzaallargentario.it\/vet\/wp-content\/uploads\/torri-e-fortezze-spagnole.jpg 520w, https:\/\/www.invacanzaallargentario.it\/vet\/wp-content\/uploads\/torri-e-fortezze-spagnole-300x183.jpg 300w, https:\/\/www.invacanzaallargentario.it\/vet\/wp-content\/uploads\/torri-e-fortezze-spagnole-110x67.jpg 110w, https:\/\/www.invacanzaallargentario.it\/vet\/wp-content\/uploads\/torri-e-fortezze-spagnole-420x257.jpg 420w\" sizes=\"(max-width: 520px) 100vw, 520px\" alt=\"\" \t\tclass=\"so-widget-image\"\/>\n\t<\/div>\n\n<\/div><\/div><\/div><div id=\"pgc-3190-5-1\"  class=\"panel-grid-cell\" ><div id=\"panel-3190-5-1-0\" class=\"so-panel widget widget_sow-editor panel-first-child panel-last-child\" data-index=\"9\" ><div\n\t\t\t\n\t\t\tclass=\"so-widget-sow-editor so-widget-sow-editor-base\"\n\t\t\t\n\t\t>\n<div class=\"siteorigin-widget-tinymce textwidget\">\n\t<p><strong>I have repeatedly named the State of the Presidia<\/strong>, obvious and obvious only for those who live in these parts. A historical clarification is necessary.<\/p>\n<p><strong>The Presidi State was a small territory<\/strong> created in 1557 by the will of Philip II of Spain, after the Treaty of London, and entrusted to the Spanish viceroys of the kingdom of Naples. <strong>It had a great strategic and military importance for the Spaniards who could find a safe harbor in the middle of the Italian peninsula and could control the Tyrrhenian Sea from there<\/strong>. In about fifty years ever more impressive fortification systems were built.<br \/>\n<strong>The most important garrison was Orbetello, with the Argentario promontory<\/strong>, where the most evident traces of Spanish domination are still present, consisting of numerous sighting towers and military forts.<\/p>\n<\/div>\n<\/div><\/div><\/div><\/div><\/div>","protected":false},"excerpt":{"rendered":"<p>A walk between Forte Filippo, the Rocca and Forte Stella, the fortresses that defended the Presidi State. A mixture of history and breathtaking landscapes.<\/p>\n","protected":false},"author":7,"featured_media":2415,"comment_status":"open","ping_status":"open","sticky":false,"template":"","format":"standard","meta":{"footnotes":""},"categories":[104],"tags":[98,123,86,131],"yoast_head":"<!-- This site is optimized with the Yoast SEO plugin v22.9 - https:\/\/yoast.com\/wordpress\/plugins\/seo\/ -->\n<title>The Spanish fortresses of Porto Ercole - In vacanza all&#039;Argentario<\/title>\n<meta name=\"description\" content=\"One afternoon will be enough for a walk in time: Forte Filippo, the Rocca and Forte Stella, three of the fortresses that defended the Presidi State. History and breathtaking landscapes.\" \/>\n<meta name=\"robots\" content=\"index, follow, max-snippet:-1, max-image-preview:large, max-video-preview:-1\" \/>\n<link rel=\"canonical\" href=\"https:\/\/www.invacanzaallargentario.it\/en\/the-spanish-fortresses-of-porto-ercole\/\" \/>\n<meta property=\"og:locale\" content=\"en_US\" \/>\n<meta property=\"og:type\" content=\"article\" \/>\n<meta property=\"og:title\" content=\"The Spanish fortresses of Porto Ercole - In vacanza all&#039;Argentario\" \/>\n<meta property=\"og:description\" content=\"One afternoon will be enough for a walk in time: Forte Filippo, the Rocca and Forte Stella, three of the fortresses that defended the Presidi State. History and breathtaking landscapes.\" \/>\n<meta property=\"og:url\" content=\"https:\/\/www.invacanzaallargentario.it\/en\/the-spanish-fortresses-of-porto-ercole\/\" \/>\n<meta property=\"og:site_name\" content=\"In vacanza all&#039;Argentario\" \/>\n<meta property=\"article:published_time\" content=\"2017-10-12T13:58:20+00:00\" \/>\n<meta property=\"article:modified_time\" content=\"2020-01-12T18:08:24+00:00\" \/>\n<meta property=\"og:image\" content=\"https:\/\/www.invacanzaallargentario.it\/vet\/wp-content\/uploads\/fortezze-di-porto-ercole.jpg\" \/>\n\t<meta property=\"og:image:width\" content=\"1200\" \/>\n\t<meta property=\"og:image:height\" content=\"750\" \/>\n\t<meta property=\"og:image:type\" content=\"image\/jpeg\" \/>\n<meta name=\"author\" content=\"Marilena\" \/>\n<meta name=\"twitter:card\" content=\"summary_large_image\" \/>\n<meta name=\"twitter:label1\" content=\"Written by\" \/>\n\t<meta name=\"twitter:data1\" content=\"Marilena\" \/>\n\t<meta name=\"twitter:label2\" content=\"Est. reading time\" \/>\n\t<meta name=\"twitter:data2\" content=\"5 minutes\" \/>\n<script type=\"application\/ld+json\" class=\"yoast-schema-graph\">{\"@context\":\"https:\/\/schema.org\",\"@graph\":[{\"@type\":\"Article\",\"@id\":\"https:\/\/www.invacanzaallargentario.it\/en\/the-spanish-fortresses-of-porto-ercole\/#article\",\"isPartOf\":{\"@id\":\"https:\/\/www.invacanzaallargentario.it\/en\/the-spanish-fortresses-of-porto-ercole\/\"},\"author\":{\"name\":\"Marilena\",\"@id\":\"https:\/\/www.invacanzaallargentario.it\/en\/#\/schema\/person\/d029819fa72c2f0c798f0949c106174a\"},\"headline\":\"The Spanish fortresses of Porto Ercole\",\"datePublished\":\"2017-10-12T13:58:20+00:00\",\"dateModified\":\"2020-01-12T18:08:24+00:00\",\"mainEntityOfPage\":{\"@id\":\"https:\/\/www.invacanzaallargentario.it\/en\/the-spanish-fortresses-of-porto-ercole\/\"},\"wordCount\":939,\"commentCount\":0,\"publisher\":{\"@id\":\"https:\/\/www.invacanzaallargentario.it\/en\/#organization\"},\"image\":{\"@id\":\"https:\/\/www.invacanzaallargentario.it\/en\/the-spanish-fortresses-of-porto-ercole\/#primaryimage\"},\"thumbnailUrl\":\"https:\/\/www.invacanzaallargentario.it\/vet\/wp-content\/uploads\/fortezze-di-porto-ercole.jpg\",\"keywords\":[\"For the whole family\",\"Fortresses\",\"Porto Ercole\",\"Stato dei Presidi\"],\"articleSection\":[\"History, Curiosities and Legends in the Maremma\"],\"inLanguage\":\"en-US\",\"potentialAction\":[{\"@type\":\"CommentAction\",\"name\":\"Comment\",\"target\":[\"https:\/\/www.invacanzaallargentario.it\/en\/the-spanish-fortresses-of-porto-ercole\/#respond\"]}]},{\"@type\":\"WebPage\",\"@id\":\"https:\/\/www.invacanzaallargentario.it\/en\/the-spanish-fortresses-of-porto-ercole\/\",\"url\":\"https:\/\/www.invacanzaallargentario.it\/en\/the-spanish-fortresses-of-porto-ercole\/\",\"name\":\"The Spanish fortresses of Porto Ercole - In vacanza all&#039;Argentario\",\"isPartOf\":{\"@id\":\"https:\/\/www.invacanzaallargentario.it\/en\/#website\"},\"primaryImageOfPage\":{\"@id\":\"https:\/\/www.invacanzaallargentario.it\/en\/the-spanish-fortresses-of-porto-ercole\/#primaryimage\"},\"image\":{\"@id\":\"https:\/\/www.invacanzaallargentario.it\/en\/the-spanish-fortresses-of-porto-ercole\/#primaryimage\"},\"thumbnailUrl\":\"https:\/\/www.invacanzaallargentario.it\/vet\/wp-content\/uploads\/fortezze-di-porto-ercole.jpg\",\"datePublished\":\"2017-10-12T13:58:20+00:00\",\"dateModified\":\"2020-01-12T18:08:24+00:00\",\"description\":\"One afternoon will be enough for a walk in time: Forte Filippo, the Rocca and Forte Stella, three of the fortresses that defended the Presidi State. History and breathtaking landscapes.\",\"breadcrumb\":{\"@id\":\"https:\/\/www.invacanzaallargentario.it\/en\/the-spanish-fortresses-of-porto-ercole\/#breadcrumb\"},\"inLanguage\":\"en-US\",\"potentialAction\":[{\"@type\":\"ReadAction\",\"target\":[\"https:\/\/www.invacanzaallargentario.it\/en\/the-spanish-fortresses-of-porto-ercole\/\"]}]},{\"@type\":\"ImageObject\",\"inLanguage\":\"en-US\",\"@id\":\"https:\/\/www.invacanzaallargentario.it\/en\/the-spanish-fortresses-of-porto-ercole\/#primaryimage\",\"url\":\"https:\/\/www.invacanzaallargentario.it\/vet\/wp-content\/uploads\/fortezze-di-porto-ercole.jpg\",\"contentUrl\":\"https:\/\/www.invacanzaallargentario.it\/vet\/wp-content\/uploads\/fortezze-di-porto-ercole.jpg\",\"width\":1200,\"height\":750},{\"@type\":\"BreadcrumbList\",\"@id\":\"https:\/\/www.invacanzaallargentario.it\/en\/the-spanish-fortresses-of-porto-ercole\/#breadcrumb\",\"itemListElement\":[{\"@type\":\"ListItem\",\"position\":1,\"name\":\"Home\",\"item\":\"https:\/\/www.invacanzaallargentario.it\/en\/\"},{\"@type\":\"ListItem\",\"position\":2,\"name\":\"The Spanish fortresses of Porto Ercole\"}]},{\"@type\":\"WebSite\",\"@id\":\"https:\/\/www.invacanzaallargentario.it\/en\/#website\",\"url\":\"https:\/\/www.invacanzaallargentario.it\/en\/\",\"name\":\"In vacanza all&#039;Argentario\",\"description\":\"Cosa vedere in vacanza all&#039;Argentario? Gite di un giorno vicino al Monte Argentario\",\"publisher\":{\"@id\":\"https:\/\/www.invacanzaallargentario.it\/en\/#organization\"},\"potentialAction\":[{\"@type\":\"SearchAction\",\"target\":{\"@type\":\"EntryPoint\",\"urlTemplate\":\"https:\/\/www.invacanzaallargentario.it\/en\/?s={search_term_string}\"},\"query-input\":\"required name=search_term_string\"}],\"inLanguage\":\"en-US\"},{\"@type\":\"Organization\",\"@id\":\"https:\/\/www.invacanzaallargentario.it\/en\/#organization\",\"name\":\"In vacanza all'argentario\",\"url\":\"https:\/\/www.invacanzaallargentario.it\/en\/\",\"logo\":{\"@type\":\"ImageObject\",\"inLanguage\":\"en-US\",\"@id\":\"https:\/\/www.invacanzaallargentario.it\/en\/#\/schema\/logo\/image\/\",\"url\":\"https:\/\/www.invacanzaallargentario.it\/vet\/wp-content\/uploads\/Logo-payoff-monte-argentario-2.png\",\"contentUrl\":\"https:\/\/www.invacanzaallargentario.it\/vet\/wp-content\/uploads\/Logo-payoff-monte-argentario-2.png\",\"width\":600,\"height\":200,\"caption\":\"In vacanza all'argentario\"},\"image\":{\"@id\":\"https:\/\/www.invacanzaallargentario.it\/en\/#\/schema\/logo\/image\/\"}},{\"@type\":\"Person\",\"@id\":\"https:\/\/www.invacanzaallargentario.it\/en\/#\/schema\/person\/d029819fa72c2f0c798f0949c106174a\",\"name\":\"Marilena\",\"image\":{\"@type\":\"ImageObject\",\"inLanguage\":\"en-US\",\"@id\":\"https:\/\/www.invacanzaallargentario.it\/en\/#\/schema\/person\/image\/\",\"url\":\"https:\/\/secure.gravatar.com\/avatar\/7211d1dd92763ea66b3914af31cea0ee?s=96&d=monsterid&r=g\",\"contentUrl\":\"https:\/\/secure.gravatar.com\/avatar\/7211d1dd92763ea66b3914af31cea0ee?s=96&d=monsterid&r=g\",\"caption\":\"Marilena\"},\"sameAs\":[\"https:\/\/www.invacanzaallargentario.it\"]}]}<\/script>\n<!-- \/ Yoast SEO plugin. -->","yoast_head_json":{"title":"The Spanish fortresses of Porto Ercole - In vacanza all&#039;Argentario","description":"One afternoon will be enough for a walk in time: Forte Filippo, the Rocca and Forte Stella, three of the fortresses that defended the Presidi State. History and breathtaking landscapes.","robots":{"index":"index","follow":"follow","max-snippet":"max-snippet:-1","max-image-preview":"max-image-preview:large","max-video-preview":"max-video-preview:-1"},"canonical":"https:\/\/www.invacanzaallargentario.it\/en\/the-spanish-fortresses-of-porto-ercole\/","og_locale":"en_US","og_type":"article","og_title":"The Spanish fortresses of Porto Ercole - In vacanza all&#039;Argentario","og_description":"One afternoon will be enough for a walk in time: Forte Filippo, the Rocca and Forte Stella, three of the fortresses that defended the Presidi State. History and breathtaking landscapes.","og_url":"https:\/\/www.invacanzaallargentario.it\/en\/the-spanish-fortresses-of-porto-ercole\/","og_site_name":"In vacanza all&#039;Argentario","article_published_time":"2017-10-12T13:58:20+00:00","article_modified_time":"2020-01-12T18:08:24+00:00","og_image":[{"width":1200,"height":750,"url":"https:\/\/www.invacanzaallargentario.it\/vet\/wp-content\/uploads\/fortezze-di-porto-ercole.jpg","type":"image\/jpeg"}],"author":"Marilena","twitter_card":"summary_large_image","twitter_misc":{"Written by":"Marilena","Est. reading time":"5 minutes"},"schema":{"@context":"https:\/\/schema.org","@graph":[{"@type":"Article","@id":"https:\/\/www.invacanzaallargentario.it\/en\/the-spanish-fortresses-of-porto-ercole\/#article","isPartOf":{"@id":"https:\/\/www.invacanzaallargentario.it\/en\/the-spanish-fortresses-of-porto-ercole\/"},"author":{"name":"Marilena","@id":"https:\/\/www.invacanzaallargentario.it\/en\/#\/schema\/person\/d029819fa72c2f0c798f0949c106174a"},"headline":"The Spanish fortresses of Porto Ercole","datePublished":"2017-10-12T13:58:20+00:00","dateModified":"2020-01-12T18:08:24+00:00","mainEntityOfPage":{"@id":"https:\/\/www.invacanzaallargentario.it\/en\/the-spanish-fortresses-of-porto-ercole\/"},"wordCount":939,"commentCount":0,"publisher":{"@id":"https:\/\/www.invacanzaallargentario.it\/en\/#organization"},"image":{"@id":"https:\/\/www.invacanzaallargentario.it\/en\/the-spanish-fortresses-of-porto-ercole\/#primaryimage"},"thumbnailUrl":"https:\/\/www.invacanzaallargentario.it\/vet\/wp-content\/uploads\/fortezze-di-porto-ercole.jpg","keywords":["For the whole family","Fortresses","Porto Ercole","Stato dei Presidi"],"articleSection":["History, Curiosities and Legends in the Maremma"],"inLanguage":"en-US","potentialAction":[{"@type":"CommentAction","name":"Comment","target":["https:\/\/www.invacanzaallargentario.it\/en\/the-spanish-fortresses-of-porto-ercole\/#respond"]}]},{"@type":"WebPage","@id":"https:\/\/www.invacanzaallargentario.it\/en\/the-spanish-fortresses-of-porto-ercole\/","url":"https:\/\/www.invacanzaallargentario.it\/en\/the-spanish-fortresses-of-porto-ercole\/","name":"The Spanish fortresses of Porto Ercole - In vacanza all&#039;Argentario","isPartOf":{"@id":"https:\/\/www.invacanzaallargentario.it\/en\/#website"},"primaryImageOfPage":{"@id":"https:\/\/www.invacanzaallargentario.it\/en\/the-spanish-fortresses-of-porto-ercole\/#primaryimage"},"image":{"@id":"https:\/\/www.invacanzaallargentario.it\/en\/the-spanish-fortresses-of-porto-ercole\/#primaryimage"},"thumbnailUrl":"https:\/\/www.invacanzaallargentario.it\/vet\/wp-content\/uploads\/fortezze-di-porto-ercole.jpg","datePublished":"2017-10-12T13:58:20+00:00","dateModified":"2020-01-12T18:08:24+00:00","description":"One afternoon will be enough for a walk in time: Forte Filippo, the Rocca and Forte Stella, three of the fortresses that defended the Presidi State. History and breathtaking landscapes.","breadcrumb":{"@id":"https:\/\/www.invacanzaallargentario.it\/en\/the-spanish-fortresses-of-porto-ercole\/#breadcrumb"},"inLanguage":"en-US","potentialAction":[{"@type":"ReadAction","target":["https:\/\/www.invacanzaallargentario.it\/en\/the-spanish-fortresses-of-porto-ercole\/"]}]},{"@type":"ImageObject","inLanguage":"en-US","@id":"https:\/\/www.invacanzaallargentario.it\/en\/the-spanish-fortresses-of-porto-ercole\/#primaryimage","url":"https:\/\/www.invacanzaallargentario.it\/vet\/wp-content\/uploads\/fortezze-di-porto-ercole.jpg","contentUrl":"https:\/\/www.invacanzaallargentario.it\/vet\/wp-content\/uploads\/fortezze-di-porto-ercole.jpg","width":1200,"height":750},{"@type":"BreadcrumbList","@id":"https:\/\/www.invacanzaallargentario.it\/en\/the-spanish-fortresses-of-porto-ercole\/#breadcrumb","itemListElement":[{"@type":"ListItem","position":1,"name":"Home","item":"https:\/\/www.invacanzaallargentario.it\/en\/"},{"@type":"ListItem","position":2,"name":"The Spanish fortresses of Porto Ercole"}]},{"@type":"WebSite","@id":"https:\/\/www.invacanzaallargentario.it\/en\/#website","url":"https:\/\/www.invacanzaallargentario.it\/en\/","name":"In vacanza all&#039;Argentario","description":"Cosa vedere in vacanza all&#039;Argentario? Gite di un giorno vicino al Monte Argentario","publisher":{"@id":"https:\/\/www.invacanzaallargentario.it\/en\/#organization"},"potentialAction":[{"@type":"SearchAction","target":{"@type":"EntryPoint","urlTemplate":"https:\/\/www.invacanzaallargentario.it\/en\/?s={search_term_string}"},"query-input":"required name=search_term_string"}],"inLanguage":"en-US"},{"@type":"Organization","@id":"https:\/\/www.invacanzaallargentario.it\/en\/#organization","name":"In vacanza all'argentario","url":"https:\/\/www.invacanzaallargentario.it\/en\/","logo":{"@type":"ImageObject","inLanguage":"en-US","@id":"https:\/\/www.invacanzaallargentario.it\/en\/#\/schema\/logo\/image\/","url":"https:\/\/www.invacanzaallargentario.it\/vet\/wp-content\/uploads\/Logo-payoff-monte-argentario-2.png","contentUrl":"https:\/\/www.invacanzaallargentario.it\/vet\/wp-content\/uploads\/Logo-payoff-monte-argentario-2.png","width":600,"height":200,"caption":"In vacanza all'argentario"},"image":{"@id":"https:\/\/www.invacanzaallargentario.it\/en\/#\/schema\/logo\/image\/"}},{"@type":"Person","@id":"https:\/\/www.invacanzaallargentario.it\/en\/#\/schema\/person\/d029819fa72c2f0c798f0949c106174a","name":"Marilena","image":{"@type":"ImageObject","inLanguage":"en-US","@id":"https:\/\/www.invacanzaallargentario.it\/en\/#\/schema\/person\/image\/","url":"https:\/\/secure.gravatar.com\/avatar\/7211d1dd92763ea66b3914af31cea0ee?s=96&d=monsterid&r=g","contentUrl":"https:\/\/secure.gravatar.com\/avatar\/7211d1dd92763ea66b3914af31cea0ee?s=96&d=monsterid&r=g","caption":"Marilena"},"sameAs":["https:\/\/www.invacanzaallargentario.it"]}]}},"_links":{"self":[{"href":"https:\/\/www.invacanzaallargentario.it\/en\/wp-json\/wp\/v2\/posts\/3190"}],"collection":[{"href":"https:\/\/www.invacanzaallargentario.it\/en\/wp-json\/wp\/v2\/posts"}],"about":[{"href":"https:\/\/www.invacanzaallargentario.it\/en\/wp-json\/wp\/v2\/types\/post"}],"author":[{"embeddable":true,"href":"https:\/\/www.invacanzaallargentario.it\/en\/wp-json\/wp\/v2\/users\/7"}],"replies":[{"embeddable":true,"href":"https:\/\/www.invacanzaallargentario.it\/en\/wp-json\/wp\/v2\/comments?post=3190"}],"version-history":[{"count":6,"href":"https:\/\/www.invacanzaallargentario.it\/en\/wp-json\/wp\/v2\/posts\/3190\/revisions"}],"predecessor-version":[{"id":3197,"href":"https:\/\/www.invacanzaallargentario.it\/en\/wp-json\/wp\/v2\/posts\/3190\/revisions\/3197"}],"wp:featuredmedia":[{"embeddable":true,"href":"https:\/\/www.invacanzaallargentario.it\/en\/wp-json\/wp\/v2\/media\/2415"}],"wp:attachment":[{"href":"https:\/\/www.invacanzaallargentario.it\/en\/wp-json\/wp\/v2\/media?parent=3190"}],"wp:term":[{"taxonomy":"category","embeddable":true,"href":"https:\/\/www.invacanzaallargentario.it\/en\/wp-json\/wp\/v2\/categories?post=3190"},{"taxonomy":"post_tag","embeddable":true,"href":"https:\/\/www.invacanzaallargentario.it\/en\/wp-json\/wp\/v2\/tags?post=3190"}],"curies":[{"name":"wp","href":"https:\/\/api.w.org\/{rel}","templated":true}]}}